{"id":8778,"date":"2026-02-05T09:58:54","date_gmt":"2026-02-05T08:58:54","guid":{"rendered":"https:\/\/saintcyrcadrages.com\/accueil\/?p=8778"},"modified":"2026-02-05T09:58:56","modified_gmt":"2026-02-05T08:58:56","slug":"concours-photos-lacad","status":"publish","type":"post","link":"https:\/\/saintcyrcadrages.com\/accueil\/concours-photos-lacad\/","title":{"rendered":"Concours Photos.    l&rsquo;ACAD"},"content":{"rendered":"\n<p class=\"has-medium-font-size\"><strong>MAURICE GENEVOIX\u00a045550 \u00a0Saint-Denis-de-l&rsquo;H\u00f4tel<\/strong><\/p>\n\n\n\n<p class=\"has-medium-font-size\">D\u00e9pot des photos avant le 31 Mai 2026<\/p>\n\n\n\n<div data-wp-interactive=\"core\/file\" class=\"wp-block-file\"><object data-wp-bind--hidden=\"!state.hasPdfPreview\" hidden class=\"wp-block-file__embed\" data=\"https:\/\/saintcyrcadrages.com\/wp-content\/uploads\/2026\/02\/Reglement-concours-photo-2026.pdf\" type=\"application\/pdf\" style=\"width:100%;height:1070px\" aria-label=\"Contenu embarqu\u00e9 Re\u0300glement concours photo 2026.\"><\/object><a id=\"wp-block-file--media-e78097fa-c5a0-4caf-b392-2a8b464cb924\" href=\"https:\/\/saintcyrcadrages.com\/wp-content\/uploads\/2026\/02\/Reglement-concours-photo-2026.pdf\">Re\u0300glement concours photo 2026<\/a><a href=\"https:\/\/saintcyrcadrages.com\/wp-content\/uploads\/2026\/02\/Reglement-concours-photo-2026.pdf\" class=\"wp-block-file__button wp-element-button\" download aria-describedby=\"wp-block-file--media-e78097fa-c5a0-4caf-b392-2a8b464cb924\">T\u00e9l\u00e9charger<\/a><\/div>\n","protected":false},"excerpt":{"rendered":"<p>MAURICE GENEVOIX\u00a045550 \u00a0Saint-Denis-de-l&rsquo;H\u00f4tel D\u00e9pot des photos avant le 31 Mai 2026<\/p>\n","protected":false},"author":1,"featured_media":0,"comment_status":"open","ping_status":"closed","sticky":false,"template":"","format":"standard","meta":{"ocean_post_layout":"","ocean_both_sidebars_style":"","ocean_both_sidebars_content_width":0,"ocean_both_sidebars_sidebars_width":0,"ocean_sidebar":"","ocean_second_sidebar":"","ocean_disable_margins":"enable","ocean_add_body_class":"","ocean_shortcode_before_top_bar":"","ocean_shortcode_after_top_bar":"","ocean_shortcode_before_header":"","ocean_shortcode_after_header":"","ocean_has_shortcode":"","ocean_shortcode_after_title":"","ocean_shortcode_before_footer_widgets":"","ocean_shortcode_after_footer_widgets":"","ocean_shortcode_before_footer_bottom":"","ocean_shortcode_after_footer_bottom":"","ocean_display_top_bar":"default","ocean_display_header":"default","ocean_header_style":"","ocean_center_header_left_menu":"","ocean_custom_header_template":"","ocean_custom_logo":0,"ocean_custom_retina_logo":0,"ocean_custom_logo_max_width":0,"ocean_custom_logo_tablet_max_width":0,"ocean_custom_logo_mobile_max_width":0,"ocean_custom_logo_max_height":0,"ocean_custom_logo_tablet_max_height":0,"ocean_custom_logo_mobile_max_height":0,"ocean_header_custom_menu":"","ocean_menu_typo_font_family":"","ocean_menu_typo_font_subset":"","ocean_menu_typo_font_size":0,"ocean_menu_typo_font_size_tablet":0,"ocean_menu_typo_font_size_mobile":0,"ocean_menu_typo_font_size_unit":"px","ocean_menu_typo_font_weight":"","ocean_menu_typo_font_weight_tablet":"","ocean_menu_typo_font_weight_mobile":"","ocean_menu_typo_transform":"","ocean_menu_typo_transform_tablet":"","ocean_menu_typo_transform_mobile":"","ocean_menu_typo_line_height":0,"ocean_menu_typo_line_height_tablet":0,"ocean_menu_typo_line_height_mobile":0,"ocean_menu_typo_line_height_unit":"","ocean_menu_typo_spacing":0,"ocean_menu_typo_spacing_tablet":0,"ocean_menu_typo_spacing_mobile":0,"ocean_menu_typo_spacing_unit":"","ocean_menu_link_color":"","ocean_menu_link_color_hover":"","ocean_menu_link_color_active":"","ocean_menu_link_background":"","ocean_menu_link_hover_background":"","ocean_menu_link_active_background":"","ocean_menu_social_links_bg":"","ocean_menu_social_hover_links_bg":"","ocean_menu_social_links_color":"","ocean_menu_social_hover_links_color":"","ocean_disable_title":"default","ocean_disable_heading":"default","ocean_post_title":"","ocean_post_subheading":"","ocean_post_title_style":"","ocean_post_title_background_color":"","ocean_post_title_background":0,"ocean_post_title_bg_image_position":"","ocean_post_title_bg_image_attachment":"","ocean_post_title_bg_image_repeat":"","ocean_post_title_bg_image_size":"","ocean_post_title_height":0,"ocean_post_title_bg_overlay":0.5,"ocean_post_title_bg_overlay_color":"","ocean_disable_breadcrumbs":"default","ocean_breadcrumbs_color":"","ocean_breadcrumbs_separator_color":"","ocean_breadcrumbs_links_color":"","ocean_breadcrumbs_links_hover_color":"","ocean_display_footer_widgets":"default","ocean_display_footer_bottom":"default","ocean_custom_footer_template":"","ocean_post_oembed":"","ocean_post_self_hosted_media":"","ocean_post_video_embed":"","ocean_link_format":"","ocean_link_format_target":"self","ocean_quote_format":"","ocean_quote_format_link":"post","ocean_gallery_link_images":"on","ocean_gallery_id":[],"footnotes":""},"categories":[1],"tags":[],"class_list":["post-8778","post","type-post","status-publish","format-standard","hentry","category-uncategorized","entry"],"yoast_head":"<!-- This site is optimized with the Yoast SEO plugin v27.5 - https:\/\/yoast.com\/product\/yoast-seo-wordpress\/ -->\n<title>Concours Photos.  l&#039;ACAD - Saint Cyr Cadrages<\/title>\n<meta name=\"robots\" content=\"index, follow, max-snippet:-1, max-image-preview:large, max-video-preview:-1\" \/>\n<link rel=\"canonical\" href=\"https:\/\/saintcyrcadrages.com\/accueil\/concours-photos-lacad\/\" \/>\n<meta property=\"og:locale\" content=\"fr_FR\" \/>\n<meta property=\"og:type\" content=\"article\" \/>\n<meta property=\"og:title\" content=\"Concours Photos.  l&#039;ACAD - Saint Cyr Cadrages\" \/>\n<meta property=\"og:description\" content=\"MAURICE GENEVOIX\u00a045550 \u00a0Saint-Denis-de-l&rsquo;H\u00f4tel D\u00e9pot des photos avant le 31 Mai 2026\" \/>\n<meta property=\"og:url\" content=\"https:\/\/saintcyrcadrages.com\/accueil\/concours-photos-lacad\/\" \/>\n<meta property=\"og:site_name\" content=\"Saint Cyr Cadrages\" \/>\n<meta property=\"article:published_time\" content=\"2026-02-05T08:58:54+00:00\" \/>\n<meta property=\"article:modified_time\" content=\"2026-02-05T08:58:56+00:00\" \/>\n<meta name=\"author\" content=\"Saint Cyr Cadrages\" \/>\n<meta name=\"twitter:card\" content=\"summary_large_image\" \/>\n<meta name=\"twitter:label1\" content=\"\u00c9crit par\" \/>\n\t<meta name=\"twitter:data1\" content=\"Saint Cyr Cadrages\" \/>\n\t<meta name=\"twitter:label2\" content=\"Dur\u00e9e de lecture estim\u00e9e\" \/>\n\t<meta name=\"twitter:data2\" content=\"1 minute\" \/>\n<script type=\"application\/ld+json\" class=\"yoast-schema-graph\">{\"@context\":\"https:\\\/\\\/schema.org\",\"@graph\":[{\"@type\":\"Article\",\"@id\":\"https:\\\/\\\/saintcyrcadrages.com\\\/accueil\\\/concours-photos-lacad\\\/#article\",\"isPartOf\":{\"@id\":\"https:\\\/\\\/saintcyrcadrages.com\\\/accueil\\\/concours-photos-lacad\\\/\"},\"author\":{\"name\":\"Saint Cyr Cadrages\",\"@id\":\"https:\\\/\\\/saintcyrcadrages.com\\\/accueil\\\/#\\\/schema\\\/person\\\/ec1e684c8153acf1646377e221ab9ef4\"},\"headline\":\"Concours Photos. l&rsquo;ACAD\",\"datePublished\":\"2026-02-05T08:58:54+00:00\",\"dateModified\":\"2026-02-05T08:58:56+00:00\",\"mainEntityOfPage\":{\"@id\":\"https:\\\/\\\/saintcyrcadrages.com\\\/accueil\\\/concours-photos-lacad\\\/\"},\"wordCount\":23,\"commentCount\":0,\"articleSection\":[\"Uncategorized\"],\"inLanguage\":\"fr-FR\",\"potentialAction\":[{\"@type\":\"CommentAction\",\"name\":\"Comment\",\"target\":[\"https:\\\/\\\/saintcyrcadrages.com\\\/accueil\\\/concours-photos-lacad\\\/#respond\"]}]},{\"@type\":\"WebPage\",\"@id\":\"https:\\\/\\\/saintcyrcadrages.com\\\/accueil\\\/concours-photos-lacad\\\/\",\"url\":\"https:\\\/\\\/saintcyrcadrages.com\\\/accueil\\\/concours-photos-lacad\\\/\",\"name\":\"Concours Photos. l'ACAD - Saint Cyr Cadrages\",\"isPartOf\":{\"@id\":\"https:\\\/\\\/saintcyrcadrages.com\\\/accueil\\\/#website\"},\"datePublished\":\"2026-02-05T08:58:54+00:00\",\"dateModified\":\"2026-02-05T08:58:56+00:00\",\"author\":{\"@id\":\"https:\\\/\\\/saintcyrcadrages.com\\\/accueil\\\/#\\\/schema\\\/person\\\/ec1e684c8153acf1646377e221ab9ef4\"},\"breadcrumb\":{\"@id\":\"https:\\\/\\\/saintcyrcadrages.com\\\/accueil\\\/concours-photos-lacad\\\/#breadcrumb\"},\"inLanguage\":\"fr-FR\",\"potentialAction\":[{\"@type\":\"ReadAction\",\"target\":[\"https:\\\/\\\/saintcyrcadrages.com\\\/accueil\\\/concours-photos-lacad\\\/\"]}]},{\"@type\":\"BreadcrumbList\",\"@id\":\"https:\\\/\\\/saintcyrcadrages.com\\\/accueil\\\/concours-photos-lacad\\\/#breadcrumb\",\"itemListElement\":[{\"@type\":\"ListItem\",\"position\":1,\"name\":\"Accueil\",\"item\":\"https:\\\/\\\/saintcyrcadrages.com\\\/accueil\\\/\"},{\"@type\":\"ListItem\",\"position\":2,\"name\":\"Concours Photos. l&rsquo;ACAD\"}]},{\"@type\":\"WebSite\",\"@id\":\"https:\\\/\\\/saintcyrcadrages.com\\\/accueil\\\/#website\",\"url\":\"https:\\\/\\\/saintcyrcadrages.com\\\/accueil\\\/\",\"name\":\"Saint Cyr Cadrages\",\"description\":\"Photographie\",\"potentialAction\":[{\"@type\":\"SearchAction\",\"target\":{\"@type\":\"EntryPoint\",\"urlTemplate\":\"https:\\\/\\\/saintcyrcadrages.com\\\/accueil\\\/?s={search_term_string}\"},\"query-input\":{\"@type\":\"PropertyValueSpecification\",\"valueRequired\":true,\"valueName\":\"search_term_string\"}}],\"inLanguage\":\"fr-FR\"},{\"@type\":\"Person\",\"@id\":\"https:\\\/\\\/saintcyrcadrages.com\\\/accueil\\\/#\\\/schema\\\/person\\\/ec1e684c8153acf1646377e221ab9ef4\",\"name\":\"Saint Cyr Cadrages\",\"sameAs\":[\"http:\\\/\\\/saintcyrcadrages.com\"]}]}<\/script>\n<!-- \/ Yoast SEO plugin. -->","yoast_head_json":{"title":"Concours Photos.  l'ACAD - Saint Cyr Cadrages","robots":{"index":"index","follow":"follow","max-snippet":"max-snippet:-1","max-image-preview":"max-image-preview:large","max-video-preview":"max-video-preview:-1"},"canonical":"https:\/\/saintcyrcadrages.com\/accueil\/concours-photos-lacad\/","og_locale":"fr_FR","og_type":"article","og_title":"Concours Photos.  l'ACAD - Saint Cyr Cadrages","og_description":"MAURICE GENEVOIX\u00a045550 \u00a0Saint-Denis-de-l&rsquo;H\u00f4tel D\u00e9pot des photos avant le 31 Mai 2026","og_url":"https:\/\/saintcyrcadrages.com\/accueil\/concours-photos-lacad\/","og_site_name":"Saint Cyr Cadrages","article_published_time":"2026-02-05T08:58:54+00:00","article_modified_time":"2026-02-05T08:58:56+00:00","author":"Saint Cyr Cadrages","twitter_card":"summary_large_image","twitter_misc":{"\u00c9crit par":"Saint Cyr Cadrages","Dur\u00e9e de lecture estim\u00e9e":"1 minute"},"schema":{"@context":"https:\/\/schema.org","@graph":[{"@type":"Article","@id":"https:\/\/saintcyrcadrages.com\/accueil\/concours-photos-lacad\/#article","isPartOf":{"@id":"https:\/\/saintcyrcadrages.com\/accueil\/concours-photos-lacad\/"},"author":{"name":"Saint Cyr Cadrages","@id":"https:\/\/saintcyrcadrages.com\/accueil\/#\/schema\/person\/ec1e684c8153acf1646377e221ab9ef4"},"headline":"Concours Photos. l&rsquo;ACAD","datePublished":"2026-02-05T08:58:54+00:00","dateModified":"2026-02-05T08:58:56+00:00","mainEntityOfPage":{"@id":"https:\/\/saintcyrcadrages.com\/accueil\/concours-photos-lacad\/"},"wordCount":23,"commentCount":0,"articleSection":["Uncategorized"],"inLanguage":"fr-FR","potentialAction":[{"@type":"CommentAction","name":"Comment","target":["https:\/\/saintcyrcadrages.com\/accueil\/concours-photos-lacad\/#respond"]}]},{"@type":"WebPage","@id":"https:\/\/saintcyrcadrages.com\/accueil\/concours-photos-lacad\/","url":"https:\/\/saintcyrcadrages.com\/accueil\/concours-photos-lacad\/","name":"Concours Photos. l'ACAD - Saint Cyr Cadrages","isPartOf":{"@id":"https:\/\/saintcyrcadrages.com\/accueil\/#website"},"datePublished":"2026-02-05T08:58:54+00:00","dateModified":"2026-02-05T08:58:56+00:00","author":{"@id":"https:\/\/saintcyrcadrages.com\/accueil\/#\/schema\/person\/ec1e684c8153acf1646377e221ab9ef4"},"breadcrumb":{"@id":"https:\/\/saintcyrcadrages.com\/accueil\/concours-photos-lacad\/#breadcrumb"},"inLanguage":"fr-FR","potentialAction":[{"@type":"ReadAction","target":["https:\/\/saintcyrcadrages.com\/accueil\/concours-photos-lacad\/"]}]},{"@type":"BreadcrumbList","@id":"https:\/\/saintcyrcadrages.com\/accueil\/concours-photos-lacad\/#breadcrumb","itemListElement":[{"@type":"ListItem","position":1,"name":"Accueil","item":"https:\/\/saintcyrcadrages.com\/accueil\/"},{"@type":"ListItem","position":2,"name":"Concours Photos. l&rsquo;ACAD"}]},{"@type":"WebSite","@id":"https:\/\/saintcyrcadrages.com\/accueil\/#website","url":"https:\/\/saintcyrcadrages.com\/accueil\/","name":"Saint Cyr Cadrages","description":"Photographie","potentialAction":[{"@type":"SearchAction","target":{"@type":"EntryPoint","urlTemplate":"https:\/\/saintcyrcadrages.com\/accueil\/?s={search_term_string}"},"query-input":{"@type":"PropertyValueSpecification","valueRequired":true,"valueName":"search_term_string"}}],"inLanguage":"fr-FR"},{"@type":"Person","@id":"https:\/\/saintcyrcadrages.com\/accueil\/#\/schema\/person\/ec1e684c8153acf1646377e221ab9ef4","name":"Saint Cyr Cadrages","sameAs":["http:\/\/saintcyrcadrages.com"]}]}},"_links":{"self":[{"href":"https:\/\/saintcyrcadrages.com\/accueil\/wp-json\/wp\/v2\/posts\/8778","targetHints":{"allow":["GET"]}}],"collection":[{"href":"https:\/\/saintcyrcadrages.com\/accueil\/wp-json\/wp\/v2\/posts"}],"about":[{"href":"https:\/\/saintcyrcadrages.com\/accueil\/wp-json\/wp\/v2\/types\/post"}],"author":[{"embeddable":true,"href":"https:\/\/saintcyrcadrages.com\/accueil\/wp-json\/wp\/v2\/users\/1"}],"replies":[{"embeddable":true,"href":"https:\/\/saintcyrcadrages.com\/accueil\/wp-json\/wp\/v2\/comments?post=8778"}],"version-history":[{"count":1,"href":"https:\/\/saintcyrcadrages.com\/accueil\/wp-json\/wp\/v2\/posts\/8778\/revisions"}],"predecessor-version":[{"id":8780,"href":"https:\/\/saintcyrcadrages.com\/accueil\/wp-json\/wp\/v2\/posts\/8778\/revisions\/8780"}],"wp:attachment":[{"href":"https:\/\/saintcyrcadrages.com\/accueil\/wp-json\/wp\/v2\/media?parent=8778"}],"wp:term":[{"taxonomy":"category","embeddable":true,"href":"https:\/\/saintcyrcadrages.com\/accueil\/wp-json\/wp\/v2\/categories?post=8778"},{"taxonomy":"post_tag","embeddable":true,"href":"https:\/\/saintcyrcadrages.com\/accueil\/wp-json\/wp\/v2\/tags?post=8778"}],"curies":[{"name":"wp","href":"https:\/\/api.w.org\/{rel}","templated":true}]}}