{"id":9213,"date":"2026-04-09T11:12:22","date_gmt":"2026-04-09T09:12:22","guid":{"rendered":"https:\/\/saintcyrcadrages.com\/accueil\/?p=9213"},"modified":"2026-04-09T11:15:22","modified_gmt":"2026-04-09T09:15:22","slug":"expo-photo-et-concours-montier-en-der","status":"publish","type":"post","link":"https:\/\/saintcyrcadrages.com\/accueil\/expo-photo-et-concours-montier-en-der\/","title":{"rendered":"Expo Photo et concours   Montier en Der"},"content":{"rendered":"\n<p class=\"has-medium-font-size\">Concours Inscription du 1er Mars au 30 Avril<\/p>\n\n\n\n<p class=\"has-medium-font-size\">Expo Mer-Veilles Nature Du 15 et 17 Mai 2026 <\/p>\n\n\n\n<figure class=\"wp-block-image size-full\"><img fetchpriority=\"high\" decoding=\"async\" width=\"724\" height=\"1024\" src=\"https:\/\/saintcyrcadrages.com\/wp-content\/uploads\/2026\/04\/Visuel-final-concours-2026-724x1024-1.jpg\" alt=\"\" class=\"wp-image-9214\" srcset=\"https:\/\/saintcyrcadrages.com\/wp-content\/uploads\/2026\/04\/Visuel-final-concours-2026-724x1024-1.jpg 724w, https:\/\/saintcyrcadrages.com\/wp-content\/uploads\/2026\/04\/Visuel-final-concours-2026-724x1024-1-212x300.jpg 212w, https:\/\/saintcyrcadrages.com\/wp-content\/uploads\/2026\/04\/Visuel-final-concours-2026-724x1024-1-106x150.jpg 106w\" sizes=\"(max-width: 724px) 100vw, 724px\" \/><\/figure>\n\n\n\n<figure class=\"wp-block-image size-full\"><img decoding=\"async\" width=\"768\" height=\"550\" src=\"https:\/\/saintcyrcadrages.com\/wp-content\/uploads\/2026\/04\/FO-2026-A4-horizontal-copie-scaled-1-768x550-1.jpg\" alt=\"\" class=\"wp-image-9215\" srcset=\"https:\/\/saintcyrcadrages.com\/wp-content\/uploads\/2026\/04\/FO-2026-A4-horizontal-copie-scaled-1-768x550-1.jpg 768w, https:\/\/saintcyrcadrages.com\/wp-content\/uploads\/2026\/04\/FO-2026-A4-horizontal-copie-scaled-1-768x550-1-300x215.jpg 300w, https:\/\/saintcyrcadrages.com\/wp-content\/uploads\/2026\/04\/FO-2026-A4-horizontal-copie-scaled-1-768x550-1-150x107.jpg 150w\" sizes=\"(max-width: 768px) 100vw, 768px\" \/><\/figure>\n\n\n\n<figure class=\"wp-block-image size-large\"><img decoding=\"async\" width=\"1024\" height=\"867\" src=\"https:\/\/saintcyrcadrages.com\/wp-content\/uploads\/2026\/04\/Capture-decran-2026-04-09-a-11.04.42-1024x867.png\" alt=\"\" class=\"wp-image-9216\" srcset=\"https:\/\/saintcyrcadrages.com\/wp-content\/uploads\/2026\/04\/Capture-decran-2026-04-09-a-11.04.42-1024x867.png 1024w, https:\/\/saintcyrcadrages.com\/wp-content\/uploads\/2026\/04\/Capture-decran-2026-04-09-a-11.04.42-300x254.png 300w, https:\/\/saintcyrcadrages.com\/wp-content\/uploads\/2026\/04\/Capture-decran-2026-04-09-a-11.04.42-150x127.png 150w, https:\/\/saintcyrcadrages.com\/wp-content\/uploads\/2026\/04\/Capture-decran-2026-04-09-a-11.04.42-768x650.png 768w, https:\/\/saintcyrcadrages.com\/wp-content\/uploads\/2026\/04\/Capture-decran-2026-04-09-a-11.04.42.png 1238w\" sizes=\"(max-width: 1024px) 100vw, 1024px\" \/><\/figure>\n\n\n\n<figure class=\"wp-block-image size-large\"><img loading=\"lazy\" decoding=\"async\" width=\"776\" height=\"1024\" src=\"https:\/\/saintcyrcadrages.com\/wp-content\/uploads\/2026\/04\/Capture-decran-2026-04-09-a-10.59.53-776x1024.png\" alt=\"\" class=\"wp-image-9217\" srcset=\"https:\/\/saintcyrcadrages.com\/wp-content\/uploads\/2026\/04\/Capture-decran-2026-04-09-a-10.59.53-776x1024.png 776w, https:\/\/saintcyrcadrages.com\/wp-content\/uploads\/2026\/04\/Capture-decran-2026-04-09-a-10.59.53-227x300.png 227w, https:\/\/saintcyrcadrages.com\/wp-content\/uploads\/2026\/04\/Capture-decran-2026-04-09-a-10.59.53-114x150.png 114w, https:\/\/saintcyrcadrages.com\/wp-content\/uploads\/2026\/04\/Capture-decran-2026-04-09-a-10.59.53-768x1013.png 768w, https:\/\/saintcyrcadrages.com\/wp-content\/uploads\/2026\/04\/Capture-decran-2026-04-09-a-10.59.53.png 908w\" sizes=\"(max-width: 776px) 100vw, 776px\" \/><\/figure>\n","protected":false},"excerpt":{"rendered":"<p>Concours Inscription du 1er Mars au 30 Avril Expo Mer-Veilles Nature Du 15 et 17 Mai 2026<\/p>\n","protected":false},"author":1,"featured_media":0,"comment_status":"open","ping_status":"closed","sticky":false,"template":"","format":"standard","meta":{"ocean_post_layout":"","ocean_both_sidebars_style":"","ocean_both_sidebars_content_width":0,"ocean_both_sidebars_sidebars_width":0,"ocean_sidebar":"","ocean_second_sidebar":"","ocean_disable_margins":"enable","ocean_add_body_class":"","ocean_shortcode_before_top_bar":"","ocean_shortcode_after_top_bar":"","ocean_shortcode_before_header":"","ocean_shortcode_after_header":"","ocean_has_shortcode":"","ocean_shortcode_after_title":"","ocean_shortcode_before_footer_widgets":"","ocean_shortcode_after_footer_widgets":"","ocean_shortcode_before_footer_bottom":"","ocean_shortcode_after_footer_bottom":"","ocean_display_top_bar":"default","ocean_display_header":"default","ocean_header_style":"","ocean_center_header_left_menu":"","ocean_custom_header_template":"","ocean_custom_logo":0,"ocean_custom_retina_logo":0,"ocean_custom_logo_max_width":0,"ocean_custom_logo_tablet_max_width":0,"ocean_custom_logo_mobile_max_width":0,"ocean_custom_logo_max_height":0,"ocean_custom_logo_tablet_max_height":0,"ocean_custom_logo_mobile_max_height":0,"ocean_header_custom_menu":"","ocean_menu_typo_font_family":"","ocean_menu_typo_font_subset":"","ocean_menu_typo_font_size":0,"ocean_menu_typo_font_size_tablet":0,"ocean_menu_typo_font_size_mobile":0,"ocean_menu_typo_font_size_unit":"px","ocean_menu_typo_font_weight":"","ocean_menu_typo_font_weight_tablet":"","ocean_menu_typo_font_weight_mobile":"","ocean_menu_typo_transform":"","ocean_menu_typo_transform_tablet":"","ocean_menu_typo_transform_mobile":"","ocean_menu_typo_line_height":0,"ocean_menu_typo_line_height_tablet":0,"ocean_menu_typo_line_height_mobile":0,"ocean_menu_typo_line_height_unit":"","ocean_menu_typo_spacing":0,"ocean_menu_typo_spacing_tablet":0,"ocean_menu_typo_spacing_mobile":0,"ocean_menu_typo_spacing_unit":"","ocean_menu_link_color":"","ocean_menu_link_color_hover":"","ocean_menu_link_color_active":"","ocean_menu_link_background":"","ocean_menu_link_hover_background":"","ocean_menu_link_active_background":"","ocean_menu_social_links_bg":"","ocean_menu_social_hover_links_bg":"","ocean_menu_social_links_color":"","ocean_menu_social_hover_links_color":"","ocean_disable_title":"default","ocean_disable_heading":"default","ocean_post_title":"","ocean_post_subheading":"","ocean_post_title_style":"","ocean_post_title_background_color":"","ocean_post_title_background":0,"ocean_post_title_bg_image_position":"","ocean_post_title_bg_image_attachment":"","ocean_post_title_bg_image_repeat":"","ocean_post_title_bg_image_size":"","ocean_post_title_height":0,"ocean_post_title_bg_overlay":0.5,"ocean_post_title_bg_overlay_color":"","ocean_disable_breadcrumbs":"default","ocean_breadcrumbs_color":"","ocean_breadcrumbs_separator_color":"","ocean_breadcrumbs_links_color":"","ocean_breadcrumbs_links_hover_color":"","ocean_display_footer_widgets":"default","ocean_display_footer_bottom":"default","ocean_custom_footer_template":"","ocean_post_oembed":"","ocean_post_self_hosted_media":"","ocean_post_video_embed":"","ocean_link_format":"","ocean_link_format_target":"self","ocean_quote_format":"","ocean_quote_format_link":"post","ocean_gallery_link_images":"on","ocean_gallery_id":[],"footnotes":""},"categories":[1],"tags":[],"class_list":["post-9213","post","type-post","status-publish","format-standard","hentry","category-uncategorized","entry"],"yoast_head":"<!-- This site is optimized with the Yoast SEO plugin v27.5 - https:\/\/yoast.com\/product\/yoast-seo-wordpress\/ -->\n<title>Expo Photo et concours  Montier en Der - Saint Cyr Cadrages<\/title>\n<meta name=\"robots\" content=\"index, follow, max-snippet:-1, max-image-preview:large, max-video-preview:-1\" \/>\n<link rel=\"canonical\" href=\"https:\/\/saintcyrcadrages.com\/accueil\/expo-photo-et-concours-montier-en-der\/\" \/>\n<meta property=\"og:locale\" content=\"fr_FR\" \/>\n<meta property=\"og:type\" content=\"article\" \/>\n<meta property=\"og:title\" content=\"Expo Photo et concours  Montier en Der - Saint Cyr Cadrages\" \/>\n<meta property=\"og:description\" content=\"Concours Inscription du 1er Mars au 30 Avril Expo Mer-Veilles Nature Du 15 et 17 Mai 2026\" \/>\n<meta property=\"og:url\" content=\"https:\/\/saintcyrcadrages.com\/accueil\/expo-photo-et-concours-montier-en-der\/\" \/>\n<meta property=\"og:site_name\" content=\"Saint Cyr Cadrages\" \/>\n<meta property=\"article:published_time\" content=\"2026-04-09T09:12:22+00:00\" \/>\n<meta property=\"article:modified_time\" content=\"2026-04-09T09:15:22+00:00\" \/>\n<meta property=\"og:image\" content=\"https:\/\/saintcyrcadrages.com\/wp-content\/uploads\/2026\/04\/Visuel-final-concours-2026-724x1024-1.jpg\" \/>\n\t<meta property=\"og:image:width\" content=\"724\" \/>\n\t<meta property=\"og:image:height\" content=\"1024\" \/>\n\t<meta property=\"og:image:type\" content=\"image\/jpeg\" \/>\n<meta name=\"author\" content=\"Saint Cyr Cadrages\" \/>\n<meta name=\"twitter:card\" content=\"summary_large_image\" \/>\n<meta name=\"twitter:label1\" content=\"\u00c9crit par\" \/>\n\t<meta name=\"twitter:data1\" content=\"Saint Cyr Cadrages\" \/>\n\t<meta name=\"twitter:label2\" content=\"Dur\u00e9e de lecture estim\u00e9e\" \/>\n\t<meta name=\"twitter:data2\" content=\"1 minute\" \/>\n<script type=\"application\/ld+json\" class=\"yoast-schema-graph\">{\"@context\":\"https:\\\/\\\/schema.org\",\"@graph\":[{\"@type\":\"Article\",\"@id\":\"https:\\\/\\\/saintcyrcadrages.com\\\/accueil\\\/expo-photo-et-concours-montier-en-der\\\/#article\",\"isPartOf\":{\"@id\":\"https:\\\/\\\/saintcyrcadrages.com\\\/accueil\\\/expo-photo-et-concours-montier-en-der\\\/\"},\"author\":{\"name\":\"Saint Cyr Cadrages\",\"@id\":\"https:\\\/\\\/saintcyrcadrages.com\\\/accueil\\\/#\\\/schema\\\/person\\\/ec1e684c8153acf1646377e221ab9ef4\"},\"headline\":\"Expo Photo et concours Montier en Der\",\"datePublished\":\"2026-04-09T09:12:22+00:00\",\"dateModified\":\"2026-04-09T09:15:22+00:00\",\"mainEntityOfPage\":{\"@id\":\"https:\\\/\\\/saintcyrcadrages.com\\\/accueil\\\/expo-photo-et-concours-montier-en-der\\\/\"},\"wordCount\":20,\"commentCount\":0,\"image\":{\"@id\":\"https:\\\/\\\/saintcyrcadrages.com\\\/accueil\\\/expo-photo-et-concours-montier-en-der\\\/#primaryimage\"},\"thumbnailUrl\":\"https:\\\/\\\/saintcyrcadrages.com\\\/wp-content\\\/uploads\\\/2026\\\/04\\\/Visuel-final-concours-2026-724x1024-1.jpg\",\"articleSection\":[\"Uncategorized\"],\"inLanguage\":\"fr-FR\",\"potentialAction\":[{\"@type\":\"CommentAction\",\"name\":\"Comment\",\"target\":[\"https:\\\/\\\/saintcyrcadrages.com\\\/accueil\\\/expo-photo-et-concours-montier-en-der\\\/#respond\"]}]},{\"@type\":\"WebPage\",\"@id\":\"https:\\\/\\\/saintcyrcadrages.com\\\/accueil\\\/expo-photo-et-concours-montier-en-der\\\/\",\"url\":\"https:\\\/\\\/saintcyrcadrages.com\\\/accueil\\\/expo-photo-et-concours-montier-en-der\\\/\",\"name\":\"Expo Photo et concours Montier en Der - Saint Cyr Cadrages\",\"isPartOf\":{\"@id\":\"https:\\\/\\\/saintcyrcadrages.com\\\/accueil\\\/#website\"},\"primaryImageOfPage\":{\"@id\":\"https:\\\/\\\/saintcyrcadrages.com\\\/accueil\\\/expo-photo-et-concours-montier-en-der\\\/#primaryimage\"},\"image\":{\"@id\":\"https:\\\/\\\/saintcyrcadrages.com\\\/accueil\\\/expo-photo-et-concours-montier-en-der\\\/#primaryimage\"},\"thumbnailUrl\":\"https:\\\/\\\/saintcyrcadrages.com\\\/wp-content\\\/uploads\\\/2026\\\/04\\\/Visuel-final-concours-2026-724x1024-1.jpg\",\"datePublished\":\"2026-04-09T09:12:22+00:00\",\"dateModified\":\"2026-04-09T09:15:22+00:00\",\"author\":{\"@id\":\"https:\\\/\\\/saintcyrcadrages.com\\\/accueil\\\/#\\\/schema\\\/person\\\/ec1e684c8153acf1646377e221ab9ef4\"},\"breadcrumb\":{\"@id\":\"https:\\\/\\\/saintcyrcadrages.com\\\/accueil\\\/expo-photo-et-concours-montier-en-der\\\/#breadcrumb\"},\"inLanguage\":\"fr-FR\",\"potentialAction\":[{\"@type\":\"ReadAction\",\"target\":[\"https:\\\/\\\/saintcyrcadrages.com\\\/accueil\\\/expo-photo-et-concours-montier-en-der\\\/\"]}]},{\"@type\":\"ImageObject\",\"inLanguage\":\"fr-FR\",\"@id\":\"https:\\\/\\\/saintcyrcadrages.com\\\/accueil\\\/expo-photo-et-concours-montier-en-der\\\/#primaryimage\",\"url\":\"https:\\\/\\\/saintcyrcadrages.com\\\/wp-content\\\/uploads\\\/2026\\\/04\\\/Visuel-final-concours-2026-724x1024-1.jpg\",\"contentUrl\":\"https:\\\/\\\/saintcyrcadrages.com\\\/wp-content\\\/uploads\\\/2026\\\/04\\\/Visuel-final-concours-2026-724x1024-1.jpg\"},{\"@type\":\"BreadcrumbList\",\"@id\":\"https:\\\/\\\/saintcyrcadrages.com\\\/accueil\\\/expo-photo-et-concours-montier-en-der\\\/#breadcrumb\",\"itemListElement\":[{\"@type\":\"ListItem\",\"position\":1,\"name\":\"Accueil\",\"item\":\"https:\\\/\\\/saintcyrcadrages.com\\\/accueil\\\/\"},{\"@type\":\"ListItem\",\"position\":2,\"name\":\"Expo Photo et concours Montier en Der\"}]},{\"@type\":\"WebSite\",\"@id\":\"https:\\\/\\\/saintcyrcadrages.com\\\/accueil\\\/#website\",\"url\":\"https:\\\/\\\/saintcyrcadrages.com\\\/accueil\\\/\",\"name\":\"Saint Cyr Cadrages\",\"description\":\"Photographie\",\"potentialAction\":[{\"@type\":\"SearchAction\",\"target\":{\"@type\":\"EntryPoint\",\"urlTemplate\":\"https:\\\/\\\/saintcyrcadrages.com\\\/accueil\\\/?s={search_term_string}\"},\"query-input\":{\"@type\":\"PropertyValueSpecification\",\"valueRequired\":true,\"valueName\":\"search_term_string\"}}],\"inLanguage\":\"fr-FR\"},{\"@type\":\"Person\",\"@id\":\"https:\\\/\\\/saintcyrcadrages.com\\\/accueil\\\/#\\\/schema\\\/person\\\/ec1e684c8153acf1646377e221ab9ef4\",\"name\":\"Saint Cyr Cadrages\",\"sameAs\":[\"http:\\\/\\\/saintcyrcadrages.com\"]}]}<\/script>\n<!-- \/ Yoast SEO plugin. -->","yoast_head_json":{"title":"Expo Photo et concours  Montier en Der - Saint Cyr Cadrages","robots":{"index":"index","follow":"follow","max-snippet":"max-snippet:-1","max-image-preview":"max-image-preview:large","max-video-preview":"max-video-preview:-1"},"canonical":"https:\/\/saintcyrcadrages.com\/accueil\/expo-photo-et-concours-montier-en-der\/","og_locale":"fr_FR","og_type":"article","og_title":"Expo Photo et concours  Montier en Der - Saint Cyr Cadrages","og_description":"Concours Inscription du 1er Mars au 30 Avril Expo Mer-Veilles Nature Du 15 et 17 Mai 2026","og_url":"https:\/\/saintcyrcadrages.com\/accueil\/expo-photo-et-concours-montier-en-der\/","og_site_name":"Saint Cyr Cadrages","article_published_time":"2026-04-09T09:12:22+00:00","article_modified_time":"2026-04-09T09:15:22+00:00","og_image":[{"width":724,"height":1024,"url":"https:\/\/saintcyrcadrages.com\/wp-content\/uploads\/2026\/04\/Visuel-final-concours-2026-724x1024-1.jpg","type":"image\/jpeg"}],"author":"Saint Cyr Cadrages","twitter_card":"summary_large_image","twitter_misc":{"\u00c9crit par":"Saint Cyr Cadrages","Dur\u00e9e de lecture estim\u00e9e":"1 minute"},"schema":{"@context":"https:\/\/schema.org","@graph":[{"@type":"Article","@id":"https:\/\/saintcyrcadrages.com\/accueil\/expo-photo-et-concours-montier-en-der\/#article","isPartOf":{"@id":"https:\/\/saintcyrcadrages.com\/accueil\/expo-photo-et-concours-montier-en-der\/"},"author":{"name":"Saint Cyr Cadrages","@id":"https:\/\/saintcyrcadrages.com\/accueil\/#\/schema\/person\/ec1e684c8153acf1646377e221ab9ef4"},"headline":"Expo Photo et concours Montier en Der","datePublished":"2026-04-09T09:12:22+00:00","dateModified":"2026-04-09T09:15:22+00:00","mainEntityOfPage":{"@id":"https:\/\/saintcyrcadrages.com\/accueil\/expo-photo-et-concours-montier-en-der\/"},"wordCount":20,"commentCount":0,"image":{"@id":"https:\/\/saintcyrcadrages.com\/accueil\/expo-photo-et-concours-montier-en-der\/#primaryimage"},"thumbnailUrl":"https:\/\/saintcyrcadrages.com\/wp-content\/uploads\/2026\/04\/Visuel-final-concours-2026-724x1024-1.jpg","articleSection":["Uncategorized"],"inLanguage":"fr-FR","potentialAction":[{"@type":"CommentAction","name":"Comment","target":["https:\/\/saintcyrcadrages.com\/accueil\/expo-photo-et-concours-montier-en-der\/#respond"]}]},{"@type":"WebPage","@id":"https:\/\/saintcyrcadrages.com\/accueil\/expo-photo-et-concours-montier-en-der\/","url":"https:\/\/saintcyrcadrages.com\/accueil\/expo-photo-et-concours-montier-en-der\/","name":"Expo Photo et concours Montier en Der - Saint Cyr Cadrages","isPartOf":{"@id":"https:\/\/saintcyrcadrages.com\/accueil\/#website"},"primaryImageOfPage":{"@id":"https:\/\/saintcyrcadrages.com\/accueil\/expo-photo-et-concours-montier-en-der\/#primaryimage"},"image":{"@id":"https:\/\/saintcyrcadrages.com\/accueil\/expo-photo-et-concours-montier-en-der\/#primaryimage"},"thumbnailUrl":"https:\/\/saintcyrcadrages.com\/wp-content\/uploads\/2026\/04\/Visuel-final-concours-2026-724x1024-1.jpg","datePublished":"2026-04-09T09:12:22+00:00","dateModified":"2026-04-09T09:15:22+00:00","author":{"@id":"https:\/\/saintcyrcadrages.com\/accueil\/#\/schema\/person\/ec1e684c8153acf1646377e221ab9ef4"},"breadcrumb":{"@id":"https:\/\/saintcyrcadrages.com\/accueil\/expo-photo-et-concours-montier-en-der\/#breadcrumb"},"inLanguage":"fr-FR","potentialAction":[{"@type":"ReadAction","target":["https:\/\/saintcyrcadrages.com\/accueil\/expo-photo-et-concours-montier-en-der\/"]}]},{"@type":"ImageObject","inLanguage":"fr-FR","@id":"https:\/\/saintcyrcadrages.com\/accueil\/expo-photo-et-concours-montier-en-der\/#primaryimage","url":"https:\/\/saintcyrcadrages.com\/wp-content\/uploads\/2026\/04\/Visuel-final-concours-2026-724x1024-1.jpg","contentUrl":"https:\/\/saintcyrcadrages.com\/wp-content\/uploads\/2026\/04\/Visuel-final-concours-2026-724x1024-1.jpg"},{"@type":"BreadcrumbList","@id":"https:\/\/saintcyrcadrages.com\/accueil\/expo-photo-et-concours-montier-en-der\/#breadcrumb","itemListElement":[{"@type":"ListItem","position":1,"name":"Accueil","item":"https:\/\/saintcyrcadrages.com\/accueil\/"},{"@type":"ListItem","position":2,"name":"Expo Photo et concours Montier en Der"}]},{"@type":"WebSite","@id":"https:\/\/saintcyrcadrages.com\/accueil\/#website","url":"https:\/\/saintcyrcadrages.com\/accueil\/","name":"Saint Cyr Cadrages","description":"Photographie","potentialAction":[{"@type":"SearchAction","target":{"@type":"EntryPoint","urlTemplate":"https:\/\/saintcyrcadrages.com\/accueil\/?s={search_term_string}"},"query-input":{"@type":"PropertyValueSpecification","valueRequired":true,"valueName":"search_term_string"}}],"inLanguage":"fr-FR"},{"@type":"Person","@id":"https:\/\/saintcyrcadrages.com\/accueil\/#\/schema\/person\/ec1e684c8153acf1646377e221ab9ef4","name":"Saint Cyr Cadrages","sameAs":["http:\/\/saintcyrcadrages.com"]}]}},"_links":{"self":[{"href":"https:\/\/saintcyrcadrages.com\/accueil\/wp-json\/wp\/v2\/posts\/9213","targetHints":{"allow":["GET"]}}],"collection":[{"href":"https:\/\/saintcyrcadrages.com\/accueil\/wp-json\/wp\/v2\/posts"}],"about":[{"href":"https:\/\/saintcyrcadrages.com\/accueil\/wp-json\/wp\/v2\/types\/post"}],"author":[{"embeddable":true,"href":"https:\/\/saintcyrcadrages.com\/accueil\/wp-json\/wp\/v2\/users\/1"}],"replies":[{"embeddable":true,"href":"https:\/\/saintcyrcadrages.com\/accueil\/wp-json\/wp\/v2\/comments?post=9213"}],"version-history":[{"count":2,"href":"https:\/\/saintcyrcadrages.com\/accueil\/wp-json\/wp\/v2\/posts\/9213\/revisions"}],"predecessor-version":[{"id":9220,"href":"https:\/\/saintcyrcadrages.com\/accueil\/wp-json\/wp\/v2\/posts\/9213\/revisions\/9220"}],"wp:attachment":[{"href":"https:\/\/saintcyrcadrages.com\/accueil\/wp-json\/wp\/v2\/media?parent=9213"}],"wp:term":[{"taxonomy":"category","embeddable":true,"href":"https:\/\/saintcyrcadrages.com\/accueil\/wp-json\/wp\/v2\/categories?post=9213"},{"taxonomy":"post_tag","embeddable":true,"href":"https:\/\/saintcyrcadrages.com\/accueil\/wp-json\/wp\/v2\/tags?post=9213"}],"curies":[{"name":"wp","href":"https:\/\/api.w.org\/{rel}","templated":true}]}}